{"id":1692,"date":"2025-02-10T11:17:34","date_gmt":"2025-02-10T10:17:34","guid":{"rendered":"https:\/\/www.segler.eu\/?p=1692"},"modified":"2025-02-10T12:27:25","modified_gmt":"2025-02-10T11:27:25","slug":"minister-olaf-lies-visits-sailor","status":"publish","type":"post","link":"https:\/\/www.segler.eu\/en\/news\/minister-olaf-lies-zu-gast-bei-segler\/","title":{"rendered":"Minister Olaf Lies visits SEGLER \u2013 Exchange at eye level"},"content":{"rendered":"<p>On February 8, 2025, we welcomed the Lower Saxony Minister for Economic Affairs, Transport, Construction and Digitization, Olaf Lies, to SEGLER. An important visit that enabled exciting discussions and valuable insights.<\/p>\n<p>The minister was received by our managing director Thomas Neteler, the mayor of the municipality Berge, Dimitri Gappel, and the mayor of the joint municipality Matthias W\u00fcbbel. After a short tour of our company, there was an official welcome for everyone present - including our employees, representatives of the press, local politicians and entrepreneurs.<\/p>\n<p>In his speech, Thomas Neteler emphasized the political neutrality of SEGLER as an innovative employer in the region. Minister Olaf Lies then answered the guests&#039; questions in an open question and answer session. The discussions were lively, constructive and reflected the current challenges that affect companies and politics alike.<\/p>\n<p>The evening concluded with a convivial get-together with refreshing drinks and culinary snacks.<\/p>\n<p>We thank the Minister of Economic Affairs for his visit and the valuable exchange. At SEGLER, we continue to focus on progress, cooperation and a strong economy in our region.<\/p>\n<p><a href=\"https:\/\/www.instagram.com\/reel\/DF4_WJBsCHv\/?igsh=MnV4Zmh1cWl5ejkz\" target=\"_blank\" rel=\"noopener\">Instagram post about it<\/a><\/p>","protected":false},"excerpt":{"rendered":"<p>Am 8. Februar 2025 durften wir den Nieders\u00e4chsischen Minister f\u00fcr Wirtschaft, Verkehr, Bauen und Digitalisierung, Olaf Lies, bei SEGLER begr\u00fc\u00dfen. Ein bedeutender Besuch, der spannende Gespr\u00e4che und wertvolle Einblicke erm\u00f6glichte. Empfangen wurde der Minister von unserem Gesch\u00e4ftsf\u00fchrer Thomas Neteler, dem B\u00fcrgermeister der Gemeinde Berge, Dimitri Gappel, und Samtgemeindeb\u00fcrgermeister Matthias W\u00fcbbel. Nach einem kurzen Rundgang durch [&hellip;]<\/p>\n","protected":false},"author":1,"featured_media":1693,"comment_status":"closed","ping_status":"closed","sticky":false,"template":"","format":"standard","meta":{"_et_pb_use_builder":"","_et_pb_old_content":"","_et_gb_content_width":"","footnotes":""},"categories":[1],"tags":[],"class_list":["post-1692","post","type-post","status-publish","format-standard","has-post-thumbnail","hentry","category-news"],"yoast_head":"<!-- This site is optimized with the Yoast SEO plugin v27.5 - https:\/\/yoast.com\/product\/yoast-seo-wordpress\/ -->\n<title>Minister Olaf Lies zu Gast bei SEGLER<\/title>\n<meta name=\"description\" content=\"Minister Olaf Lies besuchte SEGLER am 8. Februar 2025. Spannender Austausch \u00fcber Wirtschaft, Politik und regionale Entwicklung.\" \/>\n<meta name=\"robots\" content=\"index, follow, max-snippet:-1, max-image-preview:large, max-video-preview:-1\" \/>\n<link rel=\"canonical\" href=\"https:\/\/www.segler.eu\/en\/news\/minister-olaf-lies-visits-sailor\/\" \/>\n<meta property=\"og:locale\" content=\"en_US\" \/>\n<meta property=\"og:type\" content=\"article\" \/>\n<meta property=\"og:title\" content=\"Minister Olaf Lies zu Gast bei SEGLER\" \/>\n<meta property=\"og:description\" content=\"Minister Olaf Lies besuchte SEGLER am 8. Februar 2025. Spannender Austausch \u00fcber Wirtschaft, Politik und regionale Entwicklung.\" \/>\n<meta property=\"og:url\" content=\"https:\/\/www.segler.eu\/en\/news\/minister-olaf-lies-visits-sailor\/\" \/>\n<meta property=\"og:site_name\" content=\"SEGLER\" \/>\n<meta property=\"article:publisher\" content=\"https:\/\/www.facebook.com\/people\/Segler-Frderanlagen-Maschinenfabrik-GmbH\/61567270711954\/\" \/>\n<meta property=\"article:published_time\" content=\"2025-02-10T10:17:34+00:00\" \/>\n<meta property=\"article:modified_time\" content=\"2025-02-10T11:27:25+00:00\" \/>\n<meta property=\"og:image\" content=\"https:\/\/www.segler.eu\/wp-content\/uploads\/2025\/02\/SEGLER-Blogvorlage-1.png\" \/>\n\t<meta property=\"og:image:width\" content=\"1080\" \/>\n\t<meta property=\"og:image:height\" content=\"675\" \/>\n\t<meta property=\"og:image:type\" content=\"image\/png\" \/>\n<meta name=\"author\" content=\"Phil Nichting\" \/>\n<meta name=\"twitter:label1\" content=\"Written by\" \/>\n\t<meta name=\"twitter:data1\" content=\"Phil Nichting\" \/>\n\t<meta name=\"twitter:label2\" content=\"Est. reading time\" \/>\n\t<meta name=\"twitter:data2\" content=\"2 minutes\" \/>\n<script type=\"application\/ld+json\" class=\"yoast-schema-graph\">{\"@context\":\"https:\\\/\\\/schema.org\",\"@graph\":[{\"@type\":\"Article\",\"@id\":\"https:\\\/\\\/www.segler.eu\\\/news\\\/minister-olaf-lies-zu-gast-bei-segler\\\/#article\",\"isPartOf\":{\"@id\":\"https:\\\/\\\/www.segler.eu\\\/news\\\/minister-olaf-lies-zu-gast-bei-segler\\\/\"},\"author\":{\"name\":\"Phil Nichting\",\"@id\":\"https:\\\/\\\/www.segler.eu\\\/#\\\/schema\\\/person\\\/6b4d892e0e607adfd501df3dce625406\"},\"headline\":\"Minister Olaf Lies zu Gast bei SEGLER \u2013 Austausch auf Augenh\u00f6he\",\"datePublished\":\"2025-02-10T10:17:34+00:00\",\"dateModified\":\"2025-02-10T11:27:25+00:00\",\"mainEntityOfPage\":{\"@id\":\"https:\\\/\\\/www.segler.eu\\\/news\\\/minister-olaf-lies-zu-gast-bei-segler\\\/\"},\"wordCount\":190,\"publisher\":{\"@id\":\"https:\\\/\\\/www.segler.eu\\\/#organization\"},\"image\":{\"@id\":\"https:\\\/\\\/www.segler.eu\\\/news\\\/minister-olaf-lies-zu-gast-bei-segler\\\/#primaryimage\"},\"thumbnailUrl\":\"https:\\\/\\\/www.segler.eu\\\/wp-content\\\/uploads\\\/2025\\\/02\\\/SEGLER-Blogvorlage-1.png\",\"articleSection\":[\"news\"],\"inLanguage\":\"en-US\"},{\"@type\":\"WebPage\",\"@id\":\"https:\\\/\\\/www.segler.eu\\\/news\\\/minister-olaf-lies-zu-gast-bei-segler\\\/\",\"url\":\"https:\\\/\\\/www.segler.eu\\\/news\\\/minister-olaf-lies-zu-gast-bei-segler\\\/\",\"name\":\"Minister Olaf Lies zu Gast bei SEGLER\",\"isPartOf\":{\"@id\":\"https:\\\/\\\/www.segler.eu\\\/#website\"},\"primaryImageOfPage\":{\"@id\":\"https:\\\/\\\/www.segler.eu\\\/news\\\/minister-olaf-lies-zu-gast-bei-segler\\\/#primaryimage\"},\"image\":{\"@id\":\"https:\\\/\\\/www.segler.eu\\\/news\\\/minister-olaf-lies-zu-gast-bei-segler\\\/#primaryimage\"},\"thumbnailUrl\":\"https:\\\/\\\/www.segler.eu\\\/wp-content\\\/uploads\\\/2025\\\/02\\\/SEGLER-Blogvorlage-1.png\",\"datePublished\":\"2025-02-10T10:17:34+00:00\",\"dateModified\":\"2025-02-10T11:27:25+00:00\",\"description\":\"Minister Olaf Lies besuchte SEGLER am 8. Februar 2025. Spannender Austausch \u00fcber Wirtschaft, Politik und regionale Entwicklung.\",\"breadcrumb\":{\"@id\":\"https:\\\/\\\/www.segler.eu\\\/news\\\/minister-olaf-lies-zu-gast-bei-segler\\\/#breadcrumb\"},\"inLanguage\":\"en-US\",\"potentialAction\":[{\"@type\":\"ReadAction\",\"target\":[\"https:\\\/\\\/www.segler.eu\\\/news\\\/minister-olaf-lies-zu-gast-bei-segler\\\/\"]}]},{\"@type\":\"ImageObject\",\"inLanguage\":\"en-US\",\"@id\":\"https:\\\/\\\/www.segler.eu\\\/news\\\/minister-olaf-lies-zu-gast-bei-segler\\\/#primaryimage\",\"url\":\"https:\\\/\\\/www.segler.eu\\\/wp-content\\\/uploads\\\/2025\\\/02\\\/SEGLER-Blogvorlage-1.png\",\"contentUrl\":\"https:\\\/\\\/www.segler.eu\\\/wp-content\\\/uploads\\\/2025\\\/02\\\/SEGLER-Blogvorlage-1.png\",\"width\":1080,\"height\":675,\"caption\":\"Minister Olaf Lies zu Gast bei SEGLER in Berge\"},{\"@type\":\"BreadcrumbList\",\"@id\":\"https:\\\/\\\/www.segler.eu\\\/news\\\/minister-olaf-lies-zu-gast-bei-segler\\\/#breadcrumb\",\"itemListElement\":[{\"@type\":\"ListItem\",\"position\":1,\"name\":\"Startseite\",\"item\":\"https:\\\/\\\/www.segler.eu\\\/\"},{\"@type\":\"ListItem\",\"position\":2,\"name\":\"Minister Olaf Lies zu Gast bei SEGLER \u2013 Austausch auf Augenh\u00f6he\"}]},{\"@type\":\"WebSite\",\"@id\":\"https:\\\/\\\/www.segler.eu\\\/#website\",\"url\":\"https:\\\/\\\/www.segler.eu\\\/\",\"name\":\"SEGLER\",\"description\":\"Materials in motion\",\"publisher\":{\"@id\":\"https:\\\/\\\/www.segler.eu\\\/#organization\"},\"potentialAction\":[{\"@type\":\"SearchAction\",\"target\":{\"@type\":\"EntryPoint\",\"urlTemplate\":\"https:\\\/\\\/www.segler.eu\\\/?s={search_term_string}\"},\"query-input\":{\"@type\":\"PropertyValueSpecification\",\"valueRequired\":true,\"valueName\":\"search_term_string\"}}],\"inLanguage\":\"en-US\"},{\"@type\":\"Organization\",\"@id\":\"https:\\\/\\\/www.segler.eu\\\/#organization\",\"name\":\"Segler-F\u00f6rderanlagen Maschinenfabrik GmbH\",\"alternateName\":\"SEGLER\",\"url\":\"https:\\\/\\\/www.segler.eu\\\/\",\"logo\":{\"@type\":\"ImageObject\",\"inLanguage\":\"en-US\",\"@id\":\"https:\\\/\\\/www.segler.eu\\\/#\\\/schema\\\/logo\\\/image\\\/\",\"url\":\"https:\\\/\\\/www.segler.eu\\\/wp-content\\\/uploads\\\/2024\\\/11\\\/SEGLER-BERGE-1.png\",\"contentUrl\":\"https:\\\/\\\/www.segler.eu\\\/wp-content\\\/uploads\\\/2024\\\/11\\\/SEGLER-BERGE-1.png\",\"width\":750,\"height\":750,\"caption\":\"Segler-F\u00f6rderanlagen Maschinenfabrik GmbH\"},\"image\":{\"@id\":\"https:\\\/\\\/www.segler.eu\\\/#\\\/schema\\\/logo\\\/image\\\/\"},\"sameAs\":[\"https:\\\/\\\/www.facebook.com\\\/people\\\/Segler-Frderanlagen-Maschinenfabrik-GmbH\\\/61567270711954\\\/\"]},{\"@type\":\"Person\",\"@id\":\"https:\\\/\\\/www.segler.eu\\\/#\\\/schema\\\/person\\\/6b4d892e0e607adfd501df3dce625406\",\"name\":\"Phil Nichting\",\"sameAs\":[\"https:\\\/\\\/www.segler.eu\"]}]}<\/script>\n<!-- \/ Yoast SEO plugin. -->","yoast_head_json":{"title":"Minister Olaf Lies visits SEGLER","description":"Minister Olaf Lies visited SEGLER on February 8, 2025. Exciting exchange on business, politics and regional development.","robots":{"index":"index","follow":"follow","max-snippet":"max-snippet:-1","max-image-preview":"max-image-preview:large","max-video-preview":"max-video-preview:-1"},"canonical":"https:\/\/www.segler.eu\/en\/news\/minister-olaf-lies-visits-sailor\/","og_locale":"en_US","og_type":"article","og_title":"Minister Olaf Lies zu Gast bei SEGLER","og_description":"Minister Olaf Lies besuchte SEGLER am 8. Februar 2025. Spannender Austausch \u00fcber Wirtschaft, Politik und regionale Entwicklung.","og_url":"https:\/\/www.segler.eu\/en\/news\/minister-olaf-lies-visits-sailor\/","og_site_name":"SEGLER","article_publisher":"https:\/\/www.facebook.com\/people\/Segler-Frderanlagen-Maschinenfabrik-GmbH\/61567270711954\/","article_published_time":"2025-02-10T10:17:34+00:00","article_modified_time":"2025-02-10T11:27:25+00:00","og_image":[{"width":1080,"height":675,"url":"https:\/\/www.segler.eu\/wp-content\/uploads\/2025\/02\/SEGLER-Blogvorlage-1.png","type":"image\/png"}],"author":"Phil Nichting","twitter_misc":{"Written by":"Phil Nichting","Est. reading time":"2 minutes"},"schema":{"@context":"https:\/\/schema.org","@graph":[{"@type":"Article","@id":"https:\/\/www.segler.eu\/news\/minister-olaf-lies-zu-gast-bei-segler\/#article","isPartOf":{"@id":"https:\/\/www.segler.eu\/news\/minister-olaf-lies-zu-gast-bei-segler\/"},"author":{"name":"Phil Nichting","@id":"https:\/\/www.segler.eu\/#\/schema\/person\/6b4d892e0e607adfd501df3dce625406"},"headline":"Minister Olaf Lies zu Gast bei SEGLER \u2013 Austausch auf Augenh\u00f6he","datePublished":"2025-02-10T10:17:34+00:00","dateModified":"2025-02-10T11:27:25+00:00","mainEntityOfPage":{"@id":"https:\/\/www.segler.eu\/news\/minister-olaf-lies-zu-gast-bei-segler\/"},"wordCount":190,"publisher":{"@id":"https:\/\/www.segler.eu\/#organization"},"image":{"@id":"https:\/\/www.segler.eu\/news\/minister-olaf-lies-zu-gast-bei-segler\/#primaryimage"},"thumbnailUrl":"https:\/\/www.segler.eu\/wp-content\/uploads\/2025\/02\/SEGLER-Blogvorlage-1.png","articleSection":["news"],"inLanguage":"en-US"},{"@type":"WebPage","@id":"https:\/\/www.segler.eu\/news\/minister-olaf-lies-zu-gast-bei-segler\/","url":"https:\/\/www.segler.eu\/news\/minister-olaf-lies-zu-gast-bei-segler\/","name":"Minister Olaf Lies visits SEGLER","isPartOf":{"@id":"https:\/\/www.segler.eu\/#website"},"primaryImageOfPage":{"@id":"https:\/\/www.segler.eu\/news\/minister-olaf-lies-zu-gast-bei-segler\/#primaryimage"},"image":{"@id":"https:\/\/www.segler.eu\/news\/minister-olaf-lies-zu-gast-bei-segler\/#primaryimage"},"thumbnailUrl":"https:\/\/www.segler.eu\/wp-content\/uploads\/2025\/02\/SEGLER-Blogvorlage-1.png","datePublished":"2025-02-10T10:17:34+00:00","dateModified":"2025-02-10T11:27:25+00:00","description":"Minister Olaf Lies visited SEGLER on February 8, 2025. Exciting exchange on business, politics and regional development.","breadcrumb":{"@id":"https:\/\/www.segler.eu\/news\/minister-olaf-lies-zu-gast-bei-segler\/#breadcrumb"},"inLanguage":"en-US","potentialAction":[{"@type":"ReadAction","target":["https:\/\/www.segler.eu\/news\/minister-olaf-lies-zu-gast-bei-segler\/"]}]},{"@type":"ImageObject","inLanguage":"en-US","@id":"https:\/\/www.segler.eu\/news\/minister-olaf-lies-zu-gast-bei-segler\/#primaryimage","url":"https:\/\/www.segler.eu\/wp-content\/uploads\/2025\/02\/SEGLER-Blogvorlage-1.png","contentUrl":"https:\/\/www.segler.eu\/wp-content\/uploads\/2025\/02\/SEGLER-Blogvorlage-1.png","width":1080,"height":675,"caption":"Minister Olaf Lies zu Gast bei SEGLER in Berge"},{"@type":"BreadcrumbList","@id":"https:\/\/www.segler.eu\/news\/minister-olaf-lies-zu-gast-bei-segler\/#breadcrumb","itemListElement":[{"@type":"ListItem","position":1,"name":"Startseite","item":"https:\/\/www.segler.eu\/"},{"@type":"ListItem","position":2,"name":"Minister Olaf Lies zu Gast bei SEGLER \u2013 Austausch auf Augenh\u00f6he"}]},{"@type":"WebSite","@id":"https:\/\/www.segler.eu\/#website","url":"https:\/\/www.segler.eu\/","name":"SEGLER","description":"Materials in motion","publisher":{"@id":"https:\/\/www.segler.eu\/#organization"},"potentialAction":[{"@type":"SearchAction","target":{"@type":"EntryPoint","urlTemplate":"https:\/\/www.segler.eu\/?s={search_term_string}"},"query-input":{"@type":"PropertyValueSpecification","valueRequired":true,"valueName":"search_term_string"}}],"inLanguage":"en-US"},{"@type":"Organization","@id":"https:\/\/www.segler.eu\/#organization","name":"Segler-F\u00f6rderanlagen Maschinenfabrik GmbH","alternateName":"SEGLER","url":"https:\/\/www.segler.eu\/","logo":{"@type":"ImageObject","inLanguage":"en-US","@id":"https:\/\/www.segler.eu\/#\/schema\/logo\/image\/","url":"https:\/\/www.segler.eu\/wp-content\/uploads\/2024\/11\/SEGLER-BERGE-1.png","contentUrl":"https:\/\/www.segler.eu\/wp-content\/uploads\/2024\/11\/SEGLER-BERGE-1.png","width":750,"height":750,"caption":"Segler-F\u00f6rderanlagen Maschinenfabrik GmbH"},"image":{"@id":"https:\/\/www.segler.eu\/#\/schema\/logo\/image\/"},"sameAs":["https:\/\/www.facebook.com\/people\/Segler-Frderanlagen-Maschinenfabrik-GmbH\/61567270711954\/"]},{"@type":"Person","@id":"https:\/\/www.segler.eu\/#\/schema\/person\/6b4d892e0e607adfd501df3dce625406","name":"Phil Nichting","sameAs":["https:\/\/www.segler.eu"]}]}},"_links":{"self":[{"href":"https:\/\/www.segler.eu\/en\/wp-json\/wp\/v2\/posts\/1692","targetHints":{"allow":["GET"]}}],"collection":[{"href":"https:\/\/www.segler.eu\/en\/wp-json\/wp\/v2\/posts"}],"about":[{"href":"https:\/\/www.segler.eu\/en\/wp-json\/wp\/v2\/types\/post"}],"author":[{"embeddable":true,"href":"https:\/\/www.segler.eu\/en\/wp-json\/wp\/v2\/users\/1"}],"replies":[{"embeddable":true,"href":"https:\/\/www.segler.eu\/en\/wp-json\/wp\/v2\/comments?post=1692"}],"version-history":[{"count":0,"href":"https:\/\/www.segler.eu\/en\/wp-json\/wp\/v2\/posts\/1692\/revisions"}],"wp:featuredmedia":[{"embeddable":true,"href":"https:\/\/www.segler.eu\/en\/wp-json\/wp\/v2\/media\/1693"}],"wp:attachment":[{"href":"https:\/\/www.segler.eu\/en\/wp-json\/wp\/v2\/media?parent=1692"}],"wp:term":[{"taxonomy":"category","embeddable":true,"href":"https:\/\/www.segler.eu\/en\/wp-json\/wp\/v2\/categories?post=1692"},{"taxonomy":"post_tag","embeddable":true,"href":"https:\/\/www.segler.eu\/en\/wp-json\/wp\/v2\/tags?post=1692"}],"curies":[{"name":"wp","href":"https:\/\/api.w.org\/{rel}","templated":true}]}}